{"id":924,"date":"2017-04-04T22:38:13","date_gmt":"2017-04-04T19:38:13","guid":{"rendered":"http:\/\/web2.bilkent.edu.tr\/bilkentpost\/?p=924"},"modified":"2017-04-04T22:38:13","modified_gmt":"2017-04-04T19:38:13","slug":"ozel-koleksiyonlarla-ulkemizdeki-iki-yardim-kurumu","status":"publish","type":"post","link":"http:\/\/bilkentpost.bilkent.edu.tr\/index.php\/2017\/04\/04\/ozel-koleksiyonlarla-ulkemizdeki-iki-yardim-kurumu\/","title":{"rendered":"\u00d6zel Koleksiyonlarla \u00dclkemizdeki \u0130ki Yard\u0131m Kurumu"},"content":{"rendered":"<p><strong><a href=\"http:\/\/ankarakoleksiyonlari.weebly.com\/\">Orhun Bilben, Can Kurto\u011flu<\/a>\u00a0\u2013 5\/12\/2016<\/strong><\/p>\n<p style=\"text-align: justify\">Ge\u00e7mi\u015ften g\u00fcn\u00fcm\u00fcze \u00fclkemizin kalk\u0131nmas\u0131nda yard\u0131m kurulu\u015flar\u0131 \u00e7ok \u00f6nemli yere sahip olmu\u015ftur. T\u00fcrk Tayyare Cemiyeti ve Osmanl\u0131 Donanma Cemiyeti de \u00fclkemizde havac\u0131l\u0131k ve denizcilik gibi iki hayati b\u00f6lgenin kalk\u0131nmas\u0131na yapt\u0131\u011f\u0131 hizmetlerden dolay\u0131 en \u00f6nemli yard\u0131m kurulu\u015flar\u0131 aras\u0131nda yerlerini alm\u0131\u015ft\u0131r.<\/p>\n<p style=\"text-align: justify\">Bu yard\u0131m kurumlar\u0131n\u0131n denizcilik ve havac\u0131l\u0131k i\u00e7in yard\u0131m toplama \u00e7al\u0131\u015fmalar\u0131 da a\u011f\u0131rl\u0131kl\u0131 olarak \u015fimdilerde koleksiyonerler taraf\u0131ndan biriktirilen d\u00f6nemin yard\u0131m pullar\u0131 arac\u0131l\u0131\u011f\u0131yla ger\u00e7ekle\u015fmi\u015ftir.<br \/>\nSel\u00e7uk Bilben ve Erc\u00fcment Ayd\u0131n bu yard\u0131m pullar\u0131n\u0131 toplayan Ankaral\u0131\u00a0iki koleksiyonerdir. Bizde bu \u00f6nemli yard\u0131m kurumlar\u0131n\u0131n hikayelerini, kendilerinin koleksiyonlar\u0131n\u0131 ve bu alandaki \u00e7al\u0131\u015fmalar\u0131n\u0131 g\u00f6z \u00f6n\u00fcnde bulundurarak mercek alt\u0131na alt\u0131na ald\u0131k.<\/p>\n<p>&nbsp;<br \/>\n<strong>T\u00fcrk Tayyare Cemiyeti (T\u00fcrk Hava Kurumu)<\/strong><br \/>\n&nbsp;<br \/>\n<a href=\"https:\/\/i0.wp.com\/bilkentpost.bilkent.edu.tr\/wp-content\/uploads\/2017\/04\/thk.jpg\"><img data-attachment-id=\"925\" data-permalink=\"http:\/\/bilkentpost.bilkent.edu.tr\/index.php\/2017\/04\/04\/ozel-koleksiyonlarla-ulkemizdeki-iki-yardim-kurumu\/thk\/\" data-orig-file=\"https:\/\/i0.wp.com\/bilkentpost.bilkent.edu.tr\/wp-content\/uploads\/2017\/04\/thk.jpg?fit=1100%2C662\" data-orig-size=\"1100,662\" data-comments-opened=\"0\" data-image-meta=\"{&quot;aperture&quot;:&quot;0&quot;,&quot;credit&quot;:&quot;&quot;,&quot;camera&quot;:&quot;&quot;,&quot;caption&quot;:&quot;&quot;,&quot;created_timestamp&quot;:&quot;0&quot;,&quot;copyright&quot;:&quot;&quot;,&quot;focal_length&quot;:&quot;0&quot;,&quot;iso&quot;:&quot;0&quot;,&quot;shutter_speed&quot;:&quot;0&quot;,&quot;title&quot;:&quot;&quot;,&quot;orientation&quot;:&quot;0&quot;}\" data-image-title=\"thk\" data-image-description=\"\" data-medium-file=\"https:\/\/i0.wp.com\/bilkentpost.bilkent.edu.tr\/wp-content\/uploads\/2017\/04\/thk.jpg?fit=300%2C181\" data-large-file=\"https:\/\/i0.wp.com\/bilkentpost.bilkent.edu.tr\/wp-content\/uploads\/2017\/04\/thk.jpg?fit=800%2C481\" loading=\"lazy\" class=\"aligncenter wp-image-925\" src=\"https:\/\/i0.wp.com\/bilkentpost.bilkent.edu.tr\/wp-content\/uploads\/2017\/04\/thk.jpg?resize=388%2C234\" alt=\"thk\" width=\"388\" height=\"234\" data-recalc-dims=\"1\" \/><\/a><\/p>\n<h2 class=\"wsite-content-title\"><em><span style=\"font-size: xx-small\">T\u00fcrk Tayyare Cemiyeti&#8217;nin ilk kuruldu\u011fu g\u00fcnlerden bir g\u00f6r\u00fcn\u00fcm(Sel\u00e7uk Bilben&#8217;in koleksiyonuna aittir)<\/span><\/em><\/h2>\n<p style=\"text-align: justify\">Kurum 14 \u015eubat 1925 y\u0131l\u0131nda T\u00fcrk Tayyare Cemiyeti ismiyle kurulmu\u015ftur. Kurumun ana gayesi gen\u00e7lere havac\u0131l\u0131k sevgisi a\u015f\u0131lamak, \u00fclkemizde sivil ve askeri havac\u0131l\u0131\u011f\u0131 geli\u015ftirmek ve en nihayetinde g\u00fc\u00e7l\u00fc bir T\u00fcrk Havac\u0131l\u0131k filosu olu\u015fturmakt\u0131r. Kurum 1935 y\u0131l\u0131na kadar T\u00fcrk Tayyare Cemiyeti olarak faaliyet g\u00f6stermi\u015f, 1935 y\u0131l\u0131nda ise isim de\u011fi\u015fikli\u011fine giderek g\u00fcn\u00fcm\u00fczdeki ismi T\u00fcrk Hava Kurumu olmu\u015ftur. Kuruma yard\u0131m ama\u00e7l\u0131 yard\u0131m pullar\u0131 ve yard\u0131m makbuzlar\u0131 bas\u0131lm\u0131\u015ft\u0131r. G\u00fcn\u00fcm\u00fczde kurumun yard\u0131m materyallerini biriktiren koleksiyoner say\u0131s\u0131 h\u0131zla artmaktad\u0131r. Ankaral\u0131 koleksiyoner Sel\u00e7uk Bilben de kurumun yard\u0131m pullar\u0131n\u0131 toplayan koleksiyonerlerden bir tanesidir. Bilben&#8217;in ayr\u0131ca T\u00fcrk Hava Kurumu ile ilgili kendi koleksiyonlar\u0131ndan derledi\u011fi &#8220;1925&#8217;den G\u00fcn\u00fcm\u00fcze T\u00fcrk Hava Kurumu Pullar\u0131&#8221; adl\u0131 2004 senesinden yay\u0131mlanm\u0131\u015f bir kitab\u0131 bulunmaktad\u0131r.<\/p>\n<p style=\"text-align: justify\">Sel\u00e7uk Bilben&#8217;in T\u00fcrk Hava Kurumu yard\u0131m pullar\u0131 koleksiyonundan \u00f6rnekler;<\/p>\n<div class=\"paragraph\"><\/div>\n<div class=\"paragraph\">\n<div data-carousel-extra='{\"blog_id\":1,\"permalink\":\"http:\\\/\\\/bilkentpost.bilkent.edu.tr\\\/index.php\\\/2017\\\/04\\\/04\\\/ozel-koleksiyonlarla-ulkemizdeki-iki-yardim-kurumu\\\/\"}' id='gallery-1' class='gallery galleryid-924 gallery-columns-3 gallery-size-colormag-featured-image'><figure class='gallery-item'>\n\t\t\t<div class='gallery-icon portrait'>\n\t\t\t\t<a href='http:\/\/bilkentpost.bilkent.edu.tr\/index.php\/2017\/04\/04\/ozel-koleksiyonlarla-ulkemizdeki-iki-yardim-kurumu\/thk1\/'><img width=\"400\" height=\"445\" src=\"https:\/\/i2.wp.com\/bilkentpost.bilkent.edu.tr\/wp-content\/uploads\/2017\/04\/thk1.jpg?resize=400%2C445\" class=\"attachment-colormag-featured-image size-colormag-featured-image\" alt=\"\" loading=\"lazy\" data-attachment-id=\"926\" data-permalink=\"http:\/\/bilkentpost.bilkent.edu.tr\/index.php\/2017\/04\/04\/ozel-koleksiyonlarla-ulkemizdeki-iki-yardim-kurumu\/thk1\/\" data-orig-file=\"https:\/\/i2.wp.com\/bilkentpost.bilkent.edu.tr\/wp-content\/uploads\/2017\/04\/thk1.jpg?fit=400%2C613\" data-orig-size=\"400,613\" data-comments-opened=\"0\" data-image-meta=\"{&quot;aperture&quot;:&quot;0&quot;,&quot;credit&quot;:&quot;&quot;,&quot;camera&quot;:&quot;&quot;,&quot;caption&quot;:&quot;&quot;,&quot;created_timestamp&quot;:&quot;0&quot;,&quot;copyright&quot;:&quot;&quot;,&quot;focal_length&quot;:&quot;0&quot;,&quot;iso&quot;:&quot;0&quot;,&quot;shutter_speed&quot;:&quot;0&quot;,&quot;title&quot;:&quot;&quot;,&quot;orientation&quot;:&quot;0&quot;}\" data-image-title=\"thk1\" data-image-description=\"\" data-medium-file=\"https:\/\/i2.wp.com\/bilkentpost.bilkent.edu.tr\/wp-content\/uploads\/2017\/04\/thk1.jpg?fit=196%2C300\" data-large-file=\"https:\/\/i2.wp.com\/bilkentpost.bilkent.edu.tr\/wp-content\/uploads\/2017\/04\/thk1.jpg?fit=400%2C613\" \/><\/a>\n\t\t\t<\/div><\/figure><figure class='gallery-item'>\n\t\t\t<div class='gallery-icon portrait'>\n\t\t\t\t<a href='http:\/\/bilkentpost.bilkent.edu.tr\/index.php\/2017\/04\/04\/ozel-koleksiyonlarla-ulkemizdeki-iki-yardim-kurumu\/thk2\/'><img width=\"400\" height=\"445\" src=\"https:\/\/i2.wp.com\/bilkentpost.bilkent.edu.tr\/wp-content\/uploads\/2017\/04\/thk2.jpg?resize=400%2C445\" class=\"attachment-colormag-featured-image size-colormag-featured-image\" alt=\"\" loading=\"lazy\" data-attachment-id=\"927\" data-permalink=\"http:\/\/bilkentpost.bilkent.edu.tr\/index.php\/2017\/04\/04\/ozel-koleksiyonlarla-ulkemizdeki-iki-yardim-kurumu\/thk2\/\" data-orig-file=\"https:\/\/i2.wp.com\/bilkentpost.bilkent.edu.tr\/wp-content\/uploads\/2017\/04\/thk2.jpg?fit=400%2C615\" data-orig-size=\"400,615\" data-comments-opened=\"0\" data-image-meta=\"{&quot;aperture&quot;:&quot;0&quot;,&quot;credit&quot;:&quot;&quot;,&quot;camera&quot;:&quot;&quot;,&quot;caption&quot;:&quot;&quot;,&quot;created_timestamp&quot;:&quot;0&quot;,&quot;copyright&quot;:&quot;&quot;,&quot;focal_length&quot;:&quot;0&quot;,&quot;iso&quot;:&quot;0&quot;,&quot;shutter_speed&quot;:&quot;0&quot;,&quot;title&quot;:&quot;&quot;,&quot;orientation&quot;:&quot;0&quot;}\" data-image-title=\"thk2\" data-image-description=\"\" data-medium-file=\"https:\/\/i2.wp.com\/bilkentpost.bilkent.edu.tr\/wp-content\/uploads\/2017\/04\/thk2.jpg?fit=195%2C300\" data-large-file=\"https:\/\/i2.wp.com\/bilkentpost.bilkent.edu.tr\/wp-content\/uploads\/2017\/04\/thk2.jpg?fit=400%2C615\" \/><\/a>\n\t\t\t<\/div><\/figure><figure class='gallery-item'>\n\t\t\t<div class='gallery-icon portrait'>\n\t\t\t\t<a href='http:\/\/bilkentpost.bilkent.edu.tr\/index.php\/2017\/04\/04\/ozel-koleksiyonlarla-ulkemizdeki-iki-yardim-kurumu\/thk3\/'><img width=\"400\" height=\"445\" src=\"https:\/\/i0.wp.com\/bilkentpost.bilkent.edu.tr\/wp-content\/uploads\/2017\/04\/thk3.jpg?resize=400%2C445\" class=\"attachment-colormag-featured-image size-colormag-featured-image\" alt=\"\" loading=\"lazy\" data-attachment-id=\"928\" data-permalink=\"http:\/\/bilkentpost.bilkent.edu.tr\/index.php\/2017\/04\/04\/ozel-koleksiyonlarla-ulkemizdeki-iki-yardim-kurumu\/thk3\/\" data-orig-file=\"https:\/\/i0.wp.com\/bilkentpost.bilkent.edu.tr\/wp-content\/uploads\/2017\/04\/thk3.jpg?fit=400%2C640\" data-orig-size=\"400,640\" data-comments-opened=\"0\" data-image-meta=\"{&quot;aperture&quot;:&quot;0&quot;,&quot;credit&quot;:&quot;&quot;,&quot;camera&quot;:&quot;&quot;,&quot;caption&quot;:&quot;&quot;,&quot;created_timestamp&quot;:&quot;0&quot;,&quot;copyright&quot;:&quot;&quot;,&quot;focal_length&quot;:&quot;0&quot;,&quot;iso&quot;:&quot;0&quot;,&quot;shutter_speed&quot;:&quot;0&quot;,&quot;title&quot;:&quot;&quot;,&quot;orientation&quot;:&quot;0&quot;}\" data-image-title=\"thk3\" data-image-description=\"\" data-medium-file=\"https:\/\/i0.wp.com\/bilkentpost.bilkent.edu.tr\/wp-content\/uploads\/2017\/04\/thk3.jpg?fit=188%2C300\" data-large-file=\"https:\/\/i0.wp.com\/bilkentpost.bilkent.edu.tr\/wp-content\/uploads\/2017\/04\/thk3.jpg?fit=400%2C640\" \/><\/a>\n\t\t\t<\/div><\/figure>\n\t\t<\/div>\n<br \/>\n&nbsp;<\/p>\n<p style=\"text-align: justify\">Yard\u0131m pullar\u0131n\u0131n yan\u0131 s\u0131ra T\u00fcrk Hava Kurumu&#8217;nun kaynak toplamak i\u00e7in \u00e7\u0131kard\u0131\u011f\u0131 yard\u0131m makbuzlar\u0131 da vard\u0131r. Onlardan birka\u00e7 \u00f6rnek;<\/p>\n<p>&nbsp;\n<\/p><\/div>\n<div class=\"paragraph\"><\/div>\n<div class=\"paragraph\">\n<div data-carousel-extra='{\"blog_id\":1,\"permalink\":\"http:\\\/\\\/bilkentpost.bilkent.edu.tr\\\/index.php\\\/2017\\\/04\\\/04\\\/ozel-koleksiyonlarla-ulkemizdeki-iki-yardim-kurumu\\\/\"}' id='gallery-2' class='gallery galleryid-924 gallery-columns-3 gallery-size-colormag-featured-image'><figure class='gallery-item'>\n\t\t\t<div class='gallery-icon landscape'>\n\t\t\t\t<a href='http:\/\/bilkentpost.bilkent.edu.tr\/index.php\/2017\/04\/04\/ozel-koleksiyonlarla-ulkemizdeki-iki-yardim-kurumu\/thk6\/'><img width=\"400\" height=\"202\" src=\"https:\/\/i2.wp.com\/bilkentpost.bilkent.edu.tr\/wp-content\/uploads\/2017\/04\/thk6.jpg?resize=400%2C202\" class=\"attachment-colormag-featured-image size-colormag-featured-image\" alt=\"\" loading=\"lazy\" data-attachment-id=\"931\" data-permalink=\"http:\/\/bilkentpost.bilkent.edu.tr\/index.php\/2017\/04\/04\/ozel-koleksiyonlarla-ulkemizdeki-iki-yardim-kurumu\/thk6\/\" data-orig-file=\"https:\/\/i2.wp.com\/bilkentpost.bilkent.edu.tr\/wp-content\/uploads\/2017\/04\/thk6.jpg?fit=400%2C202\" data-orig-size=\"400,202\" data-comments-opened=\"0\" data-image-meta=\"{&quot;aperture&quot;:&quot;0&quot;,&quot;credit&quot;:&quot;&quot;,&quot;camera&quot;:&quot;&quot;,&quot;caption&quot;:&quot;&quot;,&quot;created_timestamp&quot;:&quot;0&quot;,&quot;copyright&quot;:&quot;&quot;,&quot;focal_length&quot;:&quot;0&quot;,&quot;iso&quot;:&quot;0&quot;,&quot;shutter_speed&quot;:&quot;0&quot;,&quot;title&quot;:&quot;&quot;,&quot;orientation&quot;:&quot;0&quot;}\" data-image-title=\"thk6\" data-image-description=\"\" data-medium-file=\"https:\/\/i2.wp.com\/bilkentpost.bilkent.edu.tr\/wp-content\/uploads\/2017\/04\/thk6.jpg?fit=300%2C152\" data-large-file=\"https:\/\/i2.wp.com\/bilkentpost.bilkent.edu.tr\/wp-content\/uploads\/2017\/04\/thk6.jpg?fit=400%2C202\" \/><\/a>\n\t\t\t<\/div><\/figure><figure class='gallery-item'>\n\t\t\t<div class='gallery-icon landscape'>\n\t\t\t\t<a href='http:\/\/bilkentpost.bilkent.edu.tr\/index.php\/2017\/04\/04\/ozel-koleksiyonlarla-ulkemizdeki-iki-yardim-kurumu\/thk5\/'><img width=\"400\" height=\"191\" src=\"https:\/\/i0.wp.com\/bilkentpost.bilkent.edu.tr\/wp-content\/uploads\/2017\/04\/thk5.jpg?resize=400%2C191\" class=\"attachment-colormag-featured-image size-colormag-featured-image\" alt=\"\" loading=\"lazy\" data-attachment-id=\"930\" data-permalink=\"http:\/\/bilkentpost.bilkent.edu.tr\/index.php\/2017\/04\/04\/ozel-koleksiyonlarla-ulkemizdeki-iki-yardim-kurumu\/thk5\/\" data-orig-file=\"https:\/\/i0.wp.com\/bilkentpost.bilkent.edu.tr\/wp-content\/uploads\/2017\/04\/thk5.jpg?fit=400%2C191\" data-orig-size=\"400,191\" data-comments-opened=\"0\" data-image-meta=\"{&quot;aperture&quot;:&quot;0&quot;,&quot;credit&quot;:&quot;&quot;,&quot;camera&quot;:&quot;&quot;,&quot;caption&quot;:&quot;&quot;,&quot;created_timestamp&quot;:&quot;0&quot;,&quot;copyright&quot;:&quot;&quot;,&quot;focal_length&quot;:&quot;0&quot;,&quot;iso&quot;:&quot;0&quot;,&quot;shutter_speed&quot;:&quot;0&quot;,&quot;title&quot;:&quot;&quot;,&quot;orientation&quot;:&quot;0&quot;}\" data-image-title=\"thk5\" data-image-description=\"\" data-medium-file=\"https:\/\/i0.wp.com\/bilkentpost.bilkent.edu.tr\/wp-content\/uploads\/2017\/04\/thk5.jpg?fit=300%2C143\" data-large-file=\"https:\/\/i0.wp.com\/bilkentpost.bilkent.edu.tr\/wp-content\/uploads\/2017\/04\/thk5.jpg?fit=400%2C191\" \/><\/a>\n\t\t\t<\/div><\/figure><figure class='gallery-item'>\n\t\t\t<div class='gallery-icon landscape'>\n\t\t\t\t<a href='http:\/\/bilkentpost.bilkent.edu.tr\/index.php\/2017\/04\/04\/ozel-koleksiyonlarla-ulkemizdeki-iki-yardim-kurumu\/thk4\/'><img width=\"400\" height=\"182\" src=\"https:\/\/i1.wp.com\/bilkentpost.bilkent.edu.tr\/wp-content\/uploads\/2017\/04\/thk4.jpg?resize=400%2C182\" class=\"attachment-colormag-featured-image size-colormag-featured-image\" alt=\"\" loading=\"lazy\" data-attachment-id=\"929\" data-permalink=\"http:\/\/bilkentpost.bilkent.edu.tr\/index.php\/2017\/04\/04\/ozel-koleksiyonlarla-ulkemizdeki-iki-yardim-kurumu\/thk4\/\" data-orig-file=\"https:\/\/i1.wp.com\/bilkentpost.bilkent.edu.tr\/wp-content\/uploads\/2017\/04\/thk4.jpg?fit=400%2C182\" data-orig-size=\"400,182\" data-comments-opened=\"0\" data-image-meta=\"{&quot;aperture&quot;:&quot;0&quot;,&quot;credit&quot;:&quot;&quot;,&quot;camera&quot;:&quot;&quot;,&quot;caption&quot;:&quot;&quot;,&quot;created_timestamp&quot;:&quot;0&quot;,&quot;copyright&quot;:&quot;&quot;,&quot;focal_length&quot;:&quot;0&quot;,&quot;iso&quot;:&quot;0&quot;,&quot;shutter_speed&quot;:&quot;0&quot;,&quot;title&quot;:&quot;&quot;,&quot;orientation&quot;:&quot;0&quot;}\" data-image-title=\"thk4\" data-image-description=\"\" data-medium-file=\"https:\/\/i1.wp.com\/bilkentpost.bilkent.edu.tr\/wp-content\/uploads\/2017\/04\/thk4.jpg?fit=300%2C137\" data-large-file=\"https:\/\/i1.wp.com\/bilkentpost.bilkent.edu.tr\/wp-content\/uploads\/2017\/04\/thk4.jpg?fit=400%2C182\" \/><\/a>\n\t\t\t<\/div><\/figure>\n\t\t<\/div>\n<\/p>\n<p style=\"text-align: justify\">Yard\u0131m pullar\u0131 ve makbuzlar\u0131 sayesinde elde edilen gelir ile bir\u00e7ok yeni u\u00e7ak hava filomuza kat\u0131lm\u0131\u015ft\u0131r. A\u015fa\u011f\u0131daki g\u00f6rsellerde Bilecikli ve K\u00fctahyal\u0131 vatanda\u015flar\u0131m\u0131z\u0131n yard\u0131mlar\u0131 ile o illere al\u0131nan tayyareleri g\u00f6r\u00fcyoruz.<\/p>\n<p style=\"text-align: justify\">Yard\u0131m, pul ve makbuzlar\u0131n\u0131n yan\u0131 s\u0131ra nadir de olsa baz\u0131 d\u00f6nemlerde kurum ad\u0131na \u00e7\u0131kart\u0131lm\u0131\u015f yard\u0131m afi\u015fleri de bulmak m\u00fcmk\u00fcn. \u0130\u015fte o afi\u015flerden bir tanesi;<\/p>\n<\/div>\n<div class=\"paragraph\"><\/div>\n<div class=\"paragraph\"><\/div>\n<div class=\"paragraph\"><\/div>\n<div class=\"paragraph\"><a href=\"https:\/\/i1.wp.com\/bilkentpost.bilkent.edu.tr\/wp-content\/uploads\/2017\/04\/thk8.jpg\"><img data-attachment-id=\"932\" data-permalink=\"http:\/\/bilkentpost.bilkent.edu.tr\/index.php\/2017\/04\/04\/ozel-koleksiyonlarla-ulkemizdeki-iki-yardim-kurumu\/thk8\/\" data-orig-file=\"https:\/\/i1.wp.com\/bilkentpost.bilkent.edu.tr\/wp-content\/uploads\/2017\/04\/thk8.jpg?fit=534%2C800\" data-orig-size=\"534,800\" data-comments-opened=\"0\" data-image-meta=\"{&quot;aperture&quot;:&quot;0&quot;,&quot;credit&quot;:&quot;&quot;,&quot;camera&quot;:&quot;&quot;,&quot;caption&quot;:&quot;&quot;,&quot;created_timestamp&quot;:&quot;0&quot;,&quot;copyright&quot;:&quot;&quot;,&quot;focal_length&quot;:&quot;0&quot;,&quot;iso&quot;:&quot;0&quot;,&quot;shutter_speed&quot;:&quot;0&quot;,&quot;title&quot;:&quot;&quot;,&quot;orientation&quot;:&quot;0&quot;}\" data-image-title=\"thk8\" data-image-description=\"\" data-medium-file=\"https:\/\/i1.wp.com\/bilkentpost.bilkent.edu.tr\/wp-content\/uploads\/2017\/04\/thk8.jpg?fit=200%2C300\" data-large-file=\"https:\/\/i1.wp.com\/bilkentpost.bilkent.edu.tr\/wp-content\/uploads\/2017\/04\/thk8.jpg?fit=534%2C800\" loading=\"lazy\" class=\"aligncenter wp-image-932\" src=\"https:\/\/i1.wp.com\/bilkentpost.bilkent.edu.tr\/wp-content\/uploads\/2017\/04\/thk8.jpg?resize=295%2C443\" alt=\"thk8\" width=\"295\" height=\"443\" data-recalc-dims=\"1\" \/><\/a><\/div>\n<div class=\"paragraph\"><\/div>\n<div class=\"paragraph\"><\/div>\n<div class=\"paragraph\">T\u00fcrk Hava Kurumu kurulu\u015fundan beri yard\u0131m pullar\u0131 ve makbuzlar\u0131na vatanda\u015flar\u0131m\u0131z\u0131n g\u00f6sterdi\u011fi ilgi sayesinde g\u00fcc\u00fcne g\u00fc\u00e7 katm\u0131\u015f ve s\u0131f\u0131rdan bug\u00fcn sahip oldu\u011fu sayg\u0131n konuma eri\u015fmi\u015ftir.<\/div>\n<div class=\"paragraph\"><\/div>\n<div class=\"paragraph\">\n<p class=\"wsite-content-title\"><strong>Osmanl\u0131 Donanma Cemiyeti<\/strong><\/p>\n<p>&nbsp;\n<\/p><\/div>\n<p><a href=\"https:\/\/i1.wp.com\/bilkentpost.bilkent.edu.tr\/wp-content\/uploads\/2017\/04\/thk9.jpg\"><img data-attachment-id=\"933\" data-permalink=\"http:\/\/bilkentpost.bilkent.edu.tr\/index.php\/2017\/04\/04\/ozel-koleksiyonlarla-ulkemizdeki-iki-yardim-kurumu\/thk9\/\" data-orig-file=\"https:\/\/i1.wp.com\/bilkentpost.bilkent.edu.tr\/wp-content\/uploads\/2017\/04\/thk9.jpg?fit=500%2C353\" data-orig-size=\"500,353\" data-comments-opened=\"0\" data-image-meta=\"{&quot;aperture&quot;:&quot;0&quot;,&quot;credit&quot;:&quot;&quot;,&quot;camera&quot;:&quot;&quot;,&quot;caption&quot;:&quot;&quot;,&quot;created_timestamp&quot;:&quot;0&quot;,&quot;copyright&quot;:&quot;&quot;,&quot;focal_length&quot;:&quot;0&quot;,&quot;iso&quot;:&quot;0&quot;,&quot;shutter_speed&quot;:&quot;0&quot;,&quot;title&quot;:&quot;&quot;,&quot;orientation&quot;:&quot;0&quot;}\" data-image-title=\"thk9\" data-image-description=\"\" data-medium-file=\"https:\/\/i1.wp.com\/bilkentpost.bilkent.edu.tr\/wp-content\/uploads\/2017\/04\/thk9.jpg?fit=300%2C212\" data-large-file=\"https:\/\/i1.wp.com\/bilkentpost.bilkent.edu.tr\/wp-content\/uploads\/2017\/04\/thk9.jpg?fit=500%2C353\" loading=\"lazy\" class=\"aligncenter size-medium wp-image-933\" src=\"https:\/\/i1.wp.com\/bilkentpost.bilkent.edu.tr\/wp-content\/uploads\/2017\/04\/thk9.jpg?resize=300%2C212\" alt=\"thk9\" width=\"300\" height=\"212\" data-recalc-dims=\"1\" \/><\/a><br \/>\n&nbsp;<br \/>\nOsmanl\u0131 Donanma Cemiyeti\u00a0ikinci me\u015frutiyet&#8217;in birinci y\u0131l\u0131nda, 6 temmuz 1909&#8217;da Donanma-y\u0131 Osmani Muavenet-i Milliye Cemiyeti\u00a0ad\u0131yla kurulmu\u015ftur. Kurulu\u015f amac\u0131 g\u00fc\u00e7l\u00fc bir \u00fclkemizde g\u00fc\u00e7l\u00fc bir milli donanma sistemi olu\u015fturmakt\u0131r.\u00a0Vatanda\u015flar\u0131m\u0131zdan yard\u0131m toplayarak donanmay\u0131 g\u00fc\u00e7lendirebilmek ad\u0131na yard\u0131m pullar\u0131 bast\u0131rm\u0131\u015ft\u0131r.Bu \u00f6rg\u00fctlenme \u015fekli itibariyle gelecek y\u0131llarda kurulacak olan T\u00fcrk Tayyare Cemiyeti&#8217;nin \u00f6nc\u00fcl\u00fc oldu\u011funu s\u00f6yleyebiliriz.<br \/>\nErc\u00fcment Ayd\u0131n Osmanl\u0131 Donanma Cemiyeti&#8217;nin ge\u00e7mi\u015fine ilgi duyan ve yard\u0131m pullar\u0131n\u0131 uzun y\u0131llard\u0131r biriktiren Ankaral\u0131 bir koleksiyonerimizdir.<br \/>\nOsmanl\u0131 Donanma Cemiyeti yard\u0131m pullar\u0131 sayesinde ulusal \u00e7apta \u00f6rg\u00fctlenme ba\u015far\u0131s\u0131na ula\u015fm\u0131\u015f ilk cemiyetimizdir. Te\u015fkilat kurulu\u015fundan kapat\u0131l\u0131\u015f\u0131na kadar toplad\u0131\u011f\u0131 yard\u0131mlarla; \u00fc\u00e7 nakliye gemisi \u00a0Osmanl\u0131 donanmas\u0131na kat\u0131lmas\u0131n\u0131 sa\u011flam\u0131\u015ft\u0131r. Bunlar\u0131n yan\u0131 s\u0131ra Sultan Osman ve Re\u015fadiye dretnotlar\u0131n\u0131n devlet taraf\u0131ndan al\u0131m\u0131nda b\u00fcy\u00fck miktarda para yard\u0131m\u0131nda bulunulmu\u015ftur. Donanmam\u0131z i\u00e7in bu katk\u0131y\u0131 sa\u011flayan yard\u0131m pullar\u0131ndan Ayd\u0131n&#8217;\u0131n koleksiyonunda bulunan baz\u0131 par\u00e7alar \u015fu \u015fekildedir;<br \/>\n&nbsp;<br \/>\n<div data-carousel-extra='{\"blog_id\":1,\"permalink\":\"http:\\\/\\\/bilkentpost.bilkent.edu.tr\\\/index.php\\\/2017\\\/04\\\/04\\\/ozel-koleksiyonlarla-ulkemizdeki-iki-yardim-kurumu\\\/\"}' id='gallery-3' class='gallery galleryid-924 gallery-columns-3 gallery-size-colormag-featured-image'><figure class='gallery-item'>\n\t\t\t<div class='gallery-icon landscape'>\n\t\t\t\t<a href='http:\/\/bilkentpost.bilkent.edu.tr\/index.php\/2017\/04\/04\/ozel-koleksiyonlarla-ulkemizdeki-iki-yardim-kurumu\/thk10\/'><img width=\"400\" height=\"298\" src=\"https:\/\/i1.wp.com\/bilkentpost.bilkent.edu.tr\/wp-content\/uploads\/2017\/04\/thk10.jpg?resize=400%2C298\" class=\"attachment-colormag-featured-image size-colormag-featured-image\" alt=\"\" loading=\"lazy\" data-attachment-id=\"934\" data-permalink=\"http:\/\/bilkentpost.bilkent.edu.tr\/index.php\/2017\/04\/04\/ozel-koleksiyonlarla-ulkemizdeki-iki-yardim-kurumu\/thk10\/\" data-orig-file=\"https:\/\/i1.wp.com\/bilkentpost.bilkent.edu.tr\/wp-content\/uploads\/2017\/04\/thk10.jpg?fit=400%2C298\" data-orig-size=\"400,298\" data-comments-opened=\"0\" data-image-meta=\"{&quot;aperture&quot;:&quot;0&quot;,&quot;credit&quot;:&quot;&quot;,&quot;camera&quot;:&quot;&quot;,&quot;caption&quot;:&quot;&quot;,&quot;created_timestamp&quot;:&quot;0&quot;,&quot;copyright&quot;:&quot;&quot;,&quot;focal_length&quot;:&quot;0&quot;,&quot;iso&quot;:&quot;0&quot;,&quot;shutter_speed&quot;:&quot;0&quot;,&quot;title&quot;:&quot;&quot;,&quot;orientation&quot;:&quot;0&quot;}\" data-image-title=\"thk10\" data-image-description=\"\" data-medium-file=\"https:\/\/i1.wp.com\/bilkentpost.bilkent.edu.tr\/wp-content\/uploads\/2017\/04\/thk10.jpg?fit=300%2C224\" data-large-file=\"https:\/\/i1.wp.com\/bilkentpost.bilkent.edu.tr\/wp-content\/uploads\/2017\/04\/thk10.jpg?fit=400%2C298\" \/><\/a>\n\t\t\t<\/div><\/figure><figure class='gallery-item'>\n\t\t\t<div class='gallery-icon landscape'>\n\t\t\t\t<a href='http:\/\/bilkentpost.bilkent.edu.tr\/index.php\/2017\/04\/04\/ozel-koleksiyonlarla-ulkemizdeki-iki-yardim-kurumu\/thk11\/'><img width=\"400\" height=\"298\" src=\"https:\/\/i1.wp.com\/bilkentpost.bilkent.edu.tr\/wp-content\/uploads\/2017\/04\/thk11.jpg?resize=400%2C298\" class=\"attachment-colormag-featured-image size-colormag-featured-image\" alt=\"\" loading=\"lazy\" data-attachment-id=\"935\" data-permalink=\"http:\/\/bilkentpost.bilkent.edu.tr\/index.php\/2017\/04\/04\/ozel-koleksiyonlarla-ulkemizdeki-iki-yardim-kurumu\/thk11\/\" data-orig-file=\"https:\/\/i1.wp.com\/bilkentpost.bilkent.edu.tr\/wp-content\/uploads\/2017\/04\/thk11.jpg?fit=400%2C298\" data-orig-size=\"400,298\" data-comments-opened=\"0\" data-image-meta=\"{&quot;aperture&quot;:&quot;0&quot;,&quot;credit&quot;:&quot;&quot;,&quot;camera&quot;:&quot;&quot;,&quot;caption&quot;:&quot;&quot;,&quot;created_timestamp&quot;:&quot;0&quot;,&quot;copyright&quot;:&quot;&quot;,&quot;focal_length&quot;:&quot;0&quot;,&quot;iso&quot;:&quot;0&quot;,&quot;shutter_speed&quot;:&quot;0&quot;,&quot;title&quot;:&quot;&quot;,&quot;orientation&quot;:&quot;0&quot;}\" data-image-title=\"thk11\" data-image-description=\"\" data-medium-file=\"https:\/\/i1.wp.com\/bilkentpost.bilkent.edu.tr\/wp-content\/uploads\/2017\/04\/thk11.jpg?fit=300%2C224\" data-large-file=\"https:\/\/i1.wp.com\/bilkentpost.bilkent.edu.tr\/wp-content\/uploads\/2017\/04\/thk11.jpg?fit=400%2C298\" \/><\/a>\n\t\t\t<\/div><\/figure><figure class='gallery-item'>\n\t\t\t<div class='gallery-icon landscape'>\n\t\t\t\t<a href='http:\/\/bilkentpost.bilkent.edu.tr\/index.php\/2017\/04\/04\/ozel-koleksiyonlarla-ulkemizdeki-iki-yardim-kurumu\/thk12\/'><img width=\"400\" height=\"298\" src=\"https:\/\/i1.wp.com\/bilkentpost.bilkent.edu.tr\/wp-content\/uploads\/2017\/04\/thk12.jpg?resize=400%2C298\" class=\"attachment-colormag-featured-image size-colormag-featured-image\" alt=\"\" loading=\"lazy\" data-attachment-id=\"936\" data-permalink=\"http:\/\/bilkentpost.bilkent.edu.tr\/index.php\/2017\/04\/04\/ozel-koleksiyonlarla-ulkemizdeki-iki-yardim-kurumu\/thk12\/\" data-orig-file=\"https:\/\/i1.wp.com\/bilkentpost.bilkent.edu.tr\/wp-content\/uploads\/2017\/04\/thk12.jpg?fit=400%2C298\" data-orig-size=\"400,298\" data-comments-opened=\"0\" data-image-meta=\"{&quot;aperture&quot;:&quot;0&quot;,&quot;credit&quot;:&quot;&quot;,&quot;camera&quot;:&quot;&quot;,&quot;caption&quot;:&quot;&quot;,&quot;created_timestamp&quot;:&quot;0&quot;,&quot;copyright&quot;:&quot;&quot;,&quot;focal_length&quot;:&quot;0&quot;,&quot;iso&quot;:&quot;0&quot;,&quot;shutter_speed&quot;:&quot;0&quot;,&quot;title&quot;:&quot;&quot;,&quot;orientation&quot;:&quot;0&quot;}\" data-image-title=\"thk12\" data-image-description=\"\" data-medium-file=\"https:\/\/i1.wp.com\/bilkentpost.bilkent.edu.tr\/wp-content\/uploads\/2017\/04\/thk12.jpg?fit=300%2C224\" data-large-file=\"https:\/\/i1.wp.com\/bilkentpost.bilkent.edu.tr\/wp-content\/uploads\/2017\/04\/thk12.jpg?fit=400%2C298\" \/><\/a>\n\t\t\t<\/div><\/figure>\n\t\t<\/div>\n<br \/>\nOsmanl\u0131 Donanma Cemiyeti ve T\u00fcrk Tayyare Cemiyeti \u015f\u00fcphesiz \u00fclkemizde denizcilik ve havac\u0131l\u0131k sistemlerinin geli\u015fiminde \u00e7ok \u00f6nemli bir yere sahiptir. Cemiyetlerin en dikkat \u00e7eken \u00f6zelliklerinden bir tanesi ise halk\u0131m\u0131zla s\u0131rt s\u0131rta vererek, onlar\u0131n destekleri sayesinde geli\u015ferek \u00fclkemize hizmet etmeleridir. Bu duruma genel olarak arac\u0131l\u0131k eden ise g\u00fcn\u00fcm\u00fczde koleksiyonerler taraf\u0131ndan biriktirilen cemiyetlere ait yard\u0131m pullar\u0131d\u0131r. Bu nedenle bu pul koleksiyonlar\u0131 yaln\u0131zca \u00a0bu cemiyetleri simgelemekle kalm\u0131yor, bizlere zorluklar i\u00e7erisinde halk\u0131m\u0131zla omuz omuza verip \u00fclkemizin de\u011ferine de\u011fer katan bu kurumlar\u0131n \u00f6yk\u00fclerini de anlat\u0131yor.<br \/>\nBu iki cemiyetin tarih\u00e7esini k\u0131saca g\u00f6steren zaman \u00e7izelgesine g\u00f6z atmak i\u00e7in\u00a0https:\/\/www.timetoast.com\/timelines\/osmanli-donanma-cemiyeti-ve-turk-tayyare-cemiyeti adresini ziyaret edebilirsiniz.<br \/>\nSon olarak, T\u00fcrk Tayyare Cemiyeti ve Osmanl\u0131 Donanma Cemiyeti ile ilgili daha detayl\u0131 bilgi edinmek isterseniz bu kaynaklara g\u00f6z atman\u0131z\u0131 tavsiye ederim&#8230;<\/p>\n<div class=\"paragraph\"><\/div>\n<div class=\"paragraph\"><\/div>\n<div class=\"paragraph\">\n<div data-carousel-extra='{\"blog_id\":1,\"permalink\":\"http:\\\/\\\/bilkentpost.bilkent.edu.tr\\\/index.php\\\/2017\\\/04\\\/04\\\/ozel-koleksiyonlarla-ulkemizdeki-iki-yardim-kurumu\\\/\"}' id='gallery-4' class='gallery galleryid-924 gallery-columns-2 gallery-size-colormag-featured-image'><figure class='gallery-item'>\n\t\t\t<div class='gallery-icon portrait'>\n\t\t\t\t<a href='http:\/\/bilkentpost.bilkent.edu.tr\/index.php\/2017\/04\/04\/ozel-koleksiyonlarla-ulkemizdeki-iki-yardim-kurumu\/thk13\/'><img width=\"400\" height=\"445\" src=\"https:\/\/i0.wp.com\/bilkentpost.bilkent.edu.tr\/wp-content\/uploads\/2017\/04\/thk13.jpg?resize=400%2C445\" class=\"attachment-colormag-featured-image size-colormag-featured-image\" alt=\"\" loading=\"lazy\" data-attachment-id=\"938\" data-permalink=\"http:\/\/bilkentpost.bilkent.edu.tr\/index.php\/2017\/04\/04\/ozel-koleksiyonlarla-ulkemizdeki-iki-yardim-kurumu\/thk13\/\" data-orig-file=\"https:\/\/i0.wp.com\/bilkentpost.bilkent.edu.tr\/wp-content\/uploads\/2017\/04\/thk13.jpg?fit=400%2C535\" data-orig-size=\"400,535\" data-comments-opened=\"0\" data-image-meta=\"{&quot;aperture&quot;:&quot;0&quot;,&quot;credit&quot;:&quot;&quot;,&quot;camera&quot;:&quot;&quot;,&quot;caption&quot;:&quot;&quot;,&quot;created_timestamp&quot;:&quot;0&quot;,&quot;copyright&quot;:&quot;&quot;,&quot;focal_length&quot;:&quot;0&quot;,&quot;iso&quot;:&quot;0&quot;,&quot;shutter_speed&quot;:&quot;0&quot;,&quot;title&quot;:&quot;&quot;,&quot;orientation&quot;:&quot;0&quot;}\" data-image-title=\"thk13\" data-image-description=\"&lt;p&gt;Sel\u00e7uk Bilben&#8217;e ait 1925&#8217;den G\u00fcn\u00fcm\u00fcze T\u00fcrk Hava Kurumu Pullar\u0131 kitab\u0131&lt;\/p&gt;\n\" data-medium-file=\"https:\/\/i0.wp.com\/bilkentpost.bilkent.edu.tr\/wp-content\/uploads\/2017\/04\/thk13.jpg?fit=224%2C300\" data-large-file=\"https:\/\/i0.wp.com\/bilkentpost.bilkent.edu.tr\/wp-content\/uploads\/2017\/04\/thk13.jpg?fit=400%2C535\" \/><\/a>\n\t\t\t<\/div><\/figure><figure class='gallery-item'>\n\t\t\t<div class='gallery-icon portrait'>\n\t\t\t\t<a href='http:\/\/bilkentpost.bilkent.edu.tr\/index.php\/2017\/04\/04\/ozel-koleksiyonlarla-ulkemizdeki-iki-yardim-kurumu\/thk14\/'><img width=\"250\" height=\"330\" src=\"https:\/\/i0.wp.com\/bilkentpost.bilkent.edu.tr\/wp-content\/uploads\/2017\/04\/thk14.jpg?resize=250%2C330\" class=\"attachment-colormag-featured-image size-colormag-featured-image\" alt=\"\" loading=\"lazy\" data-attachment-id=\"939\" data-permalink=\"http:\/\/bilkentpost.bilkent.edu.tr\/index.php\/2017\/04\/04\/ozel-koleksiyonlarla-ulkemizdeki-iki-yardim-kurumu\/thk14\/\" data-orig-file=\"https:\/\/i0.wp.com\/bilkentpost.bilkent.edu.tr\/wp-content\/uploads\/2017\/04\/thk14.jpg?fit=250%2C330\" data-orig-size=\"250,330\" data-comments-opened=\"0\" data-image-meta=\"{&quot;aperture&quot;:&quot;0&quot;,&quot;credit&quot;:&quot;&quot;,&quot;camera&quot;:&quot;&quot;,&quot;caption&quot;:&quot;&quot;,&quot;created_timestamp&quot;:&quot;0&quot;,&quot;copyright&quot;:&quot;&quot;,&quot;focal_length&quot;:&quot;0&quot;,&quot;iso&quot;:&quot;0&quot;,&quot;shutter_speed&quot;:&quot;0&quot;,&quot;title&quot;:&quot;&quot;,&quot;orientation&quot;:&quot;0&quot;}\" data-image-title=\"thk14\" data-image-description=\"&lt;p&gt;Selahittin \u00d6z\u00e7elik&#8217;in Donanma-y\u0131 Osmani Muavenet-i Milliye Cemiyeti kitab\u0131&lt;\/p&gt;\n\" data-medium-file=\"https:\/\/i0.wp.com\/bilkentpost.bilkent.edu.tr\/wp-content\/uploads\/2017\/04\/thk14.jpg?fit=227%2C300\" data-large-file=\"https:\/\/i0.wp.com\/bilkentpost.bilkent.edu.tr\/wp-content\/uploads\/2017\/04\/thk14.jpg?fit=250%2C330\" \/><\/a>\n\t\t\t<\/div><\/figure>\n\t\t<\/div>\n\n<\/div>\n<div class=\"paragraph\"><\/div>\n<div class=\"paragraph\"><\/div>\n<div class=\"paragraph\"><\/div>\n","protected":false},"excerpt":{"rendered":"<p>Orhun Bilben, Can Kurto\u011flu\u00a0\u2013 5\/12\/2016 Ge\u00e7mi\u015ften g\u00fcn\u00fcm\u00fcze \u00fclkemizin kalk\u0131nmas\u0131nda yard\u0131m kurulu\u015flar\u0131 \u00e7ok \u00f6nemli yere sahip olmu\u015ftur. T\u00fcrk Tayyare Cemiyeti ve<\/p>\n","protected":false},"author":3,"featured_media":0,"comment_status":"closed","ping_status":"closed","sticky":false,"template":"","format":"standard","meta":{"_mi_skip_tracking":false,"spay_email":"","jetpack_publicize_message":"","jetpack_is_tweetstorm":false},"categories":[],"tags":[35,2,133,9,229,281,304,372,373],"jetpack_featured_media_url":"","jetpack_publicize_connections":[],"jetpack_sharing_enabled":true,"jetpack_shortlink":"https:\/\/wp.me\/p9LQzm-eU","jetpack_likes_enabled":false,"_links":{"self":[{"href":"http:\/\/bilkentpost.bilkent.edu.tr\/index.php\/wp-json\/wp\/v2\/posts\/924"}],"collection":[{"href":"http:\/\/bilkentpost.bilkent.edu.tr\/index.php\/wp-json\/wp\/v2\/posts"}],"about":[{"href":"http:\/\/bilkentpost.bilkent.edu.tr\/index.php\/wp-json\/wp\/v2\/types\/post"}],"author":[{"embeddable":true,"href":"http:\/\/bilkentpost.bilkent.edu.tr\/index.php\/wp-json\/wp\/v2\/users\/3"}],"replies":[{"embeddable":true,"href":"http:\/\/bilkentpost.bilkent.edu.tr\/index.php\/wp-json\/wp\/v2\/comments?post=924"}],"version-history":[{"count":0,"href":"http:\/\/bilkentpost.bilkent.edu.tr\/index.php\/wp-json\/wp\/v2\/posts\/924\/revisions"}],"wp:attachment":[{"href":"http:\/\/bilkentpost.bilkent.edu.tr\/index.php\/wp-json\/wp\/v2\/media?parent=924"}],"wp:term":[{"taxonomy":"category","embeddable":true,"href":"http:\/\/bilkentpost.bilkent.edu.tr\/index.php\/wp-json\/wp\/v2\/categories?post=924"},{"taxonomy":"post_tag","embeddable":true,"href":"http:\/\/bilkentpost.bilkent.edu.tr\/index.php\/wp-json\/wp\/v2\/tags?post=924"}],"curies":[{"name":"wp","href":"https:\/\/api.w.org\/{rel}","templated":true}]}}