{"id":673,"date":"2017-03-21T11:22:56","date_gmt":"2017-03-21T08:22:56","guid":{"rendered":"http:\/\/web2.bilkent.edu.tr\/bilkentpost\/?p=673"},"modified":"2017-03-21T11:22:56","modified_gmt":"2017-03-21T08:22:56","slug":"hal-boyle-olunca","status":"publish","type":"post","link":"http:\/\/bilkentpost.bilkent.edu.tr\/index.php\/2017\/03\/21\/hal-boyle-olunca\/","title":{"rendered":"Hal B\u00f6yle Olunca!"},"content":{"rendered":"<p><strong><em><a href=\"http:\/\/pandayolda.weebly.com\">O\u011fuzhan Ayberk Boztepe<\/a>, 11\/16\/2015<\/em><\/strong><br \/>\nYolculu\u011fumda sonraki dura\u011f\u0131m me\u015fhur Ulus Hali. \u015eu anda akla\u015f\u0131k 60 kadar d\u00fckkan bulunan hal, 1929 Tahtakale yang\u0131n\u0131ndan sonra, mimar Robert Oerley taraf\u0131ndan tasarlanm\u0131\u015f ve 1937 y\u0131l\u0131nda i\u015fleme koyulmu\u015ftur. Daha yakla\u015f\u0131rken gelen bal\u0131k kokusu ve esnaf\u0131n m\u00fc\u015fteri \u00e7ekmek i\u00e7in att\u0131\u011f\u0131 nidalar duyulmaktad\u0131r. Yakla\u015f\u0131rken sokak sat\u0131c\u0131lar\u0131 artmakta ve buna paralel kalabal\u0131k artmakta. Kalabal\u0131\u011f\u0131n aras\u0131ndan kap\u0131s\u0131n\u0131n foto\u011fraf\u0131n\u0131 \u00e7ekiyor ve yolculu\u011fuma devam ediyorum.<br \/>\n<div data-carousel-extra='{\"blog_id\":1,\"permalink\":\"http:\\\/\\\/bilkentpost.bilkent.edu.tr\\\/index.php\\\/2017\\\/03\\\/21\\\/hal-boyle-olunca\\\/\"}' id='gallery-1' class='gallery galleryid-673 gallery-columns-4 gallery-size-colormag-featured-image'><figure class='gallery-item'>\n\t\t\t<div class='gallery-icon landscape'>\n\t\t\t\t<a href='http:\/\/bilkentpost.bilkent.edu.tr\/index.php\/2017\/03\/21\/hal-boyle-olunca\/hal1\/'><img width=\"800\" height=\"445\" src=\"https:\/\/i1.wp.com\/bilkentpost.bilkent.edu.tr\/wp-content\/uploads\/2017\/03\/hal1.jpg?resize=800%2C445\" class=\"attachment-colormag-featured-image size-colormag-featured-image\" alt=\"\" loading=\"lazy\" data-attachment-id=\"675\" data-permalink=\"http:\/\/bilkentpost.bilkent.edu.tr\/index.php\/2017\/03\/21\/hal-boyle-olunca\/hal1\/\" data-orig-file=\"https:\/\/i1.wp.com\/bilkentpost.bilkent.edu.tr\/wp-content\/uploads\/2017\/03\/hal1.jpg?fit=1100%2C733\" data-orig-size=\"1100,733\" data-comments-opened=\"0\" data-image-meta=\"{&quot;aperture&quot;:&quot;0&quot;,&quot;credit&quot;:&quot;&quot;,&quot;camera&quot;:&quot;&quot;,&quot;caption&quot;:&quot;&quot;,&quot;created_timestamp&quot;:&quot;0&quot;,&quot;copyright&quot;:&quot;&quot;,&quot;focal_length&quot;:&quot;0&quot;,&quot;iso&quot;:&quot;0&quot;,&quot;shutter_speed&quot;:&quot;0&quot;,&quot;title&quot;:&quot;&quot;,&quot;orientation&quot;:&quot;0&quot;}\" data-image-title=\"\" data-image-description=\"&lt;p&gt;Ba\u015fta istemese de &#8220;sitede yay\u0131nlayaca\u011f\u0131m&#8221; diyince &#8220;\u00e7ek de alem yak\u0131\u015f\u0131kl\u0131 g\u00f6rs\u00fcn o zaman karde\u015fim&#8221; diyerek pozdan poza giriyor Ali a\u011fabey.&lt;\/p&gt;\n\" data-medium-file=\"https:\/\/i1.wp.com\/bilkentpost.bilkent.edu.tr\/wp-content\/uploads\/2017\/03\/hal1.jpg?fit=300%2C200\" data-large-file=\"https:\/\/i1.wp.com\/bilkentpost.bilkent.edu.tr\/wp-content\/uploads\/2017\/03\/hal1.jpg?fit=800%2C533\" \/><\/a>\n\t\t\t<\/div><\/figure><figure class='gallery-item'>\n\t\t\t<div class='gallery-icon landscape'>\n\t\t\t\t<a href='http:\/\/bilkentpost.bilkent.edu.tr\/index.php\/2017\/03\/21\/hal-boyle-olunca\/hal2-2\/'><img width=\"800\" height=\"445\" src=\"https:\/\/i1.wp.com\/bilkentpost.bilkent.edu.tr\/wp-content\/uploads\/2017\/03\/hal2-1.jpg?resize=800%2C445\" class=\"attachment-colormag-featured-image size-colormag-featured-image\" alt=\"\" loading=\"lazy\" data-attachment-id=\"677\" data-permalink=\"http:\/\/bilkentpost.bilkent.edu.tr\/index.php\/2017\/03\/21\/hal-boyle-olunca\/hal2-2\/\" data-orig-file=\"https:\/\/i1.wp.com\/bilkentpost.bilkent.edu.tr\/wp-content\/uploads\/2017\/03\/hal2-1.jpg?fit=1100%2C733\" data-orig-size=\"1100,733\" data-comments-opened=\"0\" data-image-meta=\"{&quot;aperture&quot;:&quot;0&quot;,&quot;credit&quot;:&quot;&quot;,&quot;camera&quot;:&quot;&quot;,&quot;caption&quot;:&quot;&quot;,&quot;created_timestamp&quot;:&quot;0&quot;,&quot;copyright&quot;:&quot;&quot;,&quot;focal_length&quot;:&quot;0&quot;,&quot;iso&quot;:&quot;0&quot;,&quot;shutter_speed&quot;:&quot;0&quot;,&quot;title&quot;:&quot;&quot;,&quot;orientation&quot;:&quot;0&quot;}\" data-image-title=\"\" data-image-description=\"&lt;p&gt;&#8220;\u0130\u015fler nas\u0131l Ali a\u011fabey, kazan\u0131yor musunuz?&#8221; soruma verdi\u011fi cevap beni \u00fcz\u00fcyor Ali a\u011fabeyin. &#8220;Zaten \u00e7olu\u011fa \u00e7ocu\u011fa g\u00f6t\u00fcrd\u00fc\u011f\u00fcm\u00fcz iki ekme ekmek paras\u0131, ona da buray\u0131 y\u0131kacaklar diyorlar. Ne sen sor ne ben s\u00f6yleyeyim.&#8221;&lt;\/p&gt;\n\" data-medium-file=\"https:\/\/i1.wp.com\/bilkentpost.bilkent.edu.tr\/wp-content\/uploads\/2017\/03\/hal2-1.jpg?fit=300%2C200\" data-large-file=\"https:\/\/i1.wp.com\/bilkentpost.bilkent.edu.tr\/wp-content\/uploads\/2017\/03\/hal2-1.jpg?fit=800%2C533\" \/><\/a>\n\t\t\t<\/div><\/figure><figure class='gallery-item'>\n\t\t\t<div class='gallery-icon landscape'>\n\t\t\t\t<a href='http:\/\/bilkentpost.bilkent.edu.tr\/index.php\/2017\/03\/21\/hal-boyle-olunca\/hal3\/'><img width=\"800\" height=\"445\" src=\"https:\/\/i2.wp.com\/bilkentpost.bilkent.edu.tr\/wp-content\/uploads\/2017\/03\/hal3.jpg?resize=800%2C445\" class=\"attachment-colormag-featured-image size-colormag-featured-image\" alt=\"\" loading=\"lazy\" data-attachment-id=\"678\" data-permalink=\"http:\/\/bilkentpost.bilkent.edu.tr\/index.php\/2017\/03\/21\/hal-boyle-olunca\/hal3\/\" data-orig-file=\"https:\/\/i2.wp.com\/bilkentpost.bilkent.edu.tr\/wp-content\/uploads\/2017\/03\/hal3.jpg?fit=1100%2C733\" data-orig-size=\"1100,733\" data-comments-opened=\"0\" data-image-meta=\"{&quot;aperture&quot;:&quot;0&quot;,&quot;credit&quot;:&quot;&quot;,&quot;camera&quot;:&quot;&quot;,&quot;caption&quot;:&quot;&quot;,&quot;created_timestamp&quot;:&quot;0&quot;,&quot;copyright&quot;:&quot;&quot;,&quot;focal_length&quot;:&quot;0&quot;,&quot;iso&quot;:&quot;0&quot;,&quot;shutter_speed&quot;:&quot;0&quot;,&quot;title&quot;:&quot;&quot;,&quot;orientation&quot;:&quot;0&quot;}\" data-image-title=\"\" data-image-description=\"&lt;p&gt;Ali A\u011fabey biz konu\u015furken bal\u0131klar\u0131 sulamaya devam ediyor.&lt;\/p&gt;\n\" data-medium-file=\"https:\/\/i2.wp.com\/bilkentpost.bilkent.edu.tr\/wp-content\/uploads\/2017\/03\/hal3.jpg?fit=300%2C200\" data-large-file=\"https:\/\/i2.wp.com\/bilkentpost.bilkent.edu.tr\/wp-content\/uploads\/2017\/03\/hal3.jpg?fit=800%2C533\" \/><\/a>\n\t\t\t<\/div><\/figure><figure class='gallery-item'>\n\t\t\t<div class='gallery-icon portrait'>\n\t\t\t\t<a href='http:\/\/bilkentpost.bilkent.edu.tr\/index.php\/2017\/03\/21\/hal-boyle-olunca\/hal4\/'><img width=\"733\" height=\"445\" src=\"https:\/\/i1.wp.com\/bilkentpost.bilkent.edu.tr\/wp-content\/uploads\/2017\/03\/hal4.jpg?resize=733%2C445\" class=\"attachment-colormag-featured-image size-colormag-featured-image\" alt=\"\" loading=\"lazy\" data-attachment-id=\"679\" data-permalink=\"http:\/\/bilkentpost.bilkent.edu.tr\/index.php\/2017\/03\/21\/hal-boyle-olunca\/hal4\/\" data-orig-file=\"https:\/\/i1.wp.com\/bilkentpost.bilkent.edu.tr\/wp-content\/uploads\/2017\/03\/hal4.jpg?fit=733%2C1100\" data-orig-size=\"733,1100\" data-comments-opened=\"0\" data-image-meta=\"{&quot;aperture&quot;:&quot;0&quot;,&quot;credit&quot;:&quot;&quot;,&quot;camera&quot;:&quot;&quot;,&quot;caption&quot;:&quot;&quot;,&quot;created_timestamp&quot;:&quot;0&quot;,&quot;copyright&quot;:&quot;&quot;,&quot;focal_length&quot;:&quot;0&quot;,&quot;iso&quot;:&quot;0&quot;,&quot;shutter_speed&quot;:&quot;0&quot;,&quot;title&quot;:&quot;&quot;,&quot;orientation&quot;:&quot;0&quot;}\" data-image-title=\"\" data-image-description=\"&lt;p&gt;Yorgun y\u00fcz\u00fcnde bir enerji var Ali a\u011fabeyimin. Ba\u011f\u0131r\u0131rken ekliyor. &#8221; Gel abla gel! Foto\u011fraflar\u0131 \u00e7ekilen en yak\u0131\u015f\u0131kl\u0131 bal\u0131k\u00e7\u0131 burda gel!&#8221;&lt;\/p&gt;\n\" data-medium-file=\"https:\/\/i1.wp.com\/bilkentpost.bilkent.edu.tr\/wp-content\/uploads\/2017\/03\/hal4.jpg?fit=200%2C300\" data-large-file=\"https:\/\/i1.wp.com\/bilkentpost.bilkent.edu.tr\/wp-content\/uploads\/2017\/03\/hal4.jpg?fit=682%2C1024\" \/><\/a>\n\t\t\t<\/div><\/figure><figure class='gallery-item'>\n\t\t\t<div class='gallery-icon landscape'>\n\t\t\t\t<a href='http:\/\/bilkentpost.bilkent.edu.tr\/index.php\/2017\/03\/21\/hal-boyle-olunca\/hal5\/'><img width=\"800\" height=\"445\" src=\"https:\/\/i1.wp.com\/bilkentpost.bilkent.edu.tr\/wp-content\/uploads\/2017\/03\/hal5.jpg?resize=800%2C445\" class=\"attachment-colormag-featured-image size-colormag-featured-image\" alt=\"\" loading=\"lazy\" data-attachment-id=\"680\" data-permalink=\"http:\/\/bilkentpost.bilkent.edu.tr\/index.php\/2017\/03\/21\/hal-boyle-olunca\/hal5\/\" data-orig-file=\"https:\/\/i1.wp.com\/bilkentpost.bilkent.edu.tr\/wp-content\/uploads\/2017\/03\/hal5.jpg?fit=1100%2C733\" data-orig-size=\"1100,733\" data-comments-opened=\"0\" data-image-meta=\"{&quot;aperture&quot;:&quot;0&quot;,&quot;credit&quot;:&quot;&quot;,&quot;camera&quot;:&quot;&quot;,&quot;caption&quot;:&quot;&quot;,&quot;created_timestamp&quot;:&quot;0&quot;,&quot;copyright&quot;:&quot;&quot;,&quot;focal_length&quot;:&quot;0&quot;,&quot;iso&quot;:&quot;0&quot;,&quot;shutter_speed&quot;:&quot;0&quot;,&quot;title&quot;:&quot;&quot;,&quot;orientation&quot;:&quot;0&quot;}\" data-image-title=\"\" data-image-description=\"&lt;p&gt;Hasan a\u011fabey de onunla beraber \u00e7al\u0131\u015f\u0131yor. O biraz utan\u0131yor foto\u011fraf \u00e7ekilirken. Hasan a\u011fabey 42 ya\u015f\u0131nda. 3 \u00e7ocu\u011fu var.&lt;\/p&gt;\n\" data-medium-file=\"https:\/\/i1.wp.com\/bilkentpost.bilkent.edu.tr\/wp-content\/uploads\/2017\/03\/hal5.jpg?fit=300%2C200\" data-large-file=\"https:\/\/i1.wp.com\/bilkentpost.bilkent.edu.tr\/wp-content\/uploads\/2017\/03\/hal5.jpg?fit=800%2C533\" \/><\/a>\n\t\t\t<\/div><\/figure><figure class='gallery-item'>\n\t\t\t<div class='gallery-icon portrait'>\n\t\t\t\t<a href='http:\/\/bilkentpost.bilkent.edu.tr\/index.php\/2017\/03\/21\/hal-boyle-olunca\/hal6\/'><img width=\"733\" height=\"445\" src=\"https:\/\/i0.wp.com\/bilkentpost.bilkent.edu.tr\/wp-content\/uploads\/2017\/03\/hal6.jpg?resize=733%2C445\" class=\"attachment-colormag-featured-image size-colormag-featured-image\" alt=\"\" loading=\"lazy\" data-attachment-id=\"681\" data-permalink=\"http:\/\/bilkentpost.bilkent.edu.tr\/index.php\/2017\/03\/21\/hal-boyle-olunca\/hal6\/\" data-orig-file=\"https:\/\/i0.wp.com\/bilkentpost.bilkent.edu.tr\/wp-content\/uploads\/2017\/03\/hal6.jpg?fit=733%2C1100\" data-orig-size=\"733,1100\" data-comments-opened=\"0\" data-image-meta=\"{&quot;aperture&quot;:&quot;0&quot;,&quot;credit&quot;:&quot;&quot;,&quot;camera&quot;:&quot;&quot;,&quot;caption&quot;:&quot;&quot;,&quot;created_timestamp&quot;:&quot;0&quot;,&quot;copyright&quot;:&quot;&quot;,&quot;focal_length&quot;:&quot;0&quot;,&quot;iso&quot;:&quot;0&quot;,&quot;shutter_speed&quot;:&quot;0&quot;,&quot;title&quot;:&quot;&quot;,&quot;orientation&quot;:&quot;0&quot;}\" data-image-title=\"\" data-image-description=\"&lt;p&gt;Bu iki ne\u015feli esnafla son foto\u011fraf\u0131m\u0131 \u00e7ekiyor, i\u00e7ten \u00e7ay tekliflerini acelem oldu\u011fu i\u00e7in reddediyor ve yoluma devam ediyorum.&lt;\/p&gt;\n\" data-medium-file=\"https:\/\/i0.wp.com\/bilkentpost.bilkent.edu.tr\/wp-content\/uploads\/2017\/03\/hal6.jpg?fit=200%2C300\" data-large-file=\"https:\/\/i0.wp.com\/bilkentpost.bilkent.edu.tr\/wp-content\/uploads\/2017\/03\/hal6.jpg?fit=682%2C1024\" \/><\/a>\n\t\t\t<\/div><\/figure><figure class='gallery-item'>\n\t\t\t<div class='gallery-icon portrait'>\n\t\t\t\t<a href='http:\/\/bilkentpost.bilkent.edu.tr\/index.php\/2017\/03\/21\/hal-boyle-olunca\/hal7\/'><img width=\"733\" height=\"445\" src=\"https:\/\/i1.wp.com\/bilkentpost.bilkent.edu.tr\/wp-content\/uploads\/2017\/03\/hal7.jpg?resize=733%2C445\" class=\"attachment-colormag-featured-image size-colormag-featured-image\" alt=\"\" loading=\"lazy\" data-attachment-id=\"682\" data-permalink=\"http:\/\/bilkentpost.bilkent.edu.tr\/index.php\/2017\/03\/21\/hal-boyle-olunca\/hal7\/\" data-orig-file=\"https:\/\/i1.wp.com\/bilkentpost.bilkent.edu.tr\/wp-content\/uploads\/2017\/03\/hal7.jpg?fit=733%2C1100\" data-orig-size=\"733,1100\" data-comments-opened=\"0\" data-image-meta=\"{&quot;aperture&quot;:&quot;0&quot;,&quot;credit&quot;:&quot;&quot;,&quot;camera&quot;:&quot;&quot;,&quot;caption&quot;:&quot;&quot;,&quot;created_timestamp&quot;:&quot;0&quot;,&quot;copyright&quot;:&quot;&quot;,&quot;focal_length&quot;:&quot;0&quot;,&quot;iso&quot;:&quot;0&quot;,&quot;shutter_speed&quot;:&quot;0&quot;,&quot;title&quot;:&quot;&quot;,&quot;orientation&quot;:&quot;0&quot;}\" data-image-title=\"\" data-image-description=\"&lt;p&gt;&#8220;\u00d6nce bana gelmedin kalbimi k\u0131rd\u0131n karde\u015fim. En &#8220;star bombastik&#8221; adam\u0131 benim buran\u0131n. \u00c7ek de \u00f6devinden al 100&#8217;leri.&#8221; R\u0131fat A\u011fabey \u015fakalar\u0131yla daha tan\u0131\u015f\u0131r tan\u0131\u015fmaz g\u00fcld\u00fcr\u00fcyor y\u00fcz\u00fcm\u00fc.&lt;\/p&gt;\n\" data-medium-file=\"https:\/\/i1.wp.com\/bilkentpost.bilkent.edu.tr\/wp-content\/uploads\/2017\/03\/hal7.jpg?fit=200%2C300\" data-large-file=\"https:\/\/i1.wp.com\/bilkentpost.bilkent.edu.tr\/wp-content\/uploads\/2017\/03\/hal7.jpg?fit=682%2C1024\" \/><\/a>\n\t\t\t<\/div><\/figure><figure class='gallery-item'>\n\t\t\t<div class='gallery-icon portrait'>\n\t\t\t\t<a href='http:\/\/bilkentpost.bilkent.edu.tr\/index.php\/2017\/03\/21\/hal-boyle-olunca\/hal8\/'><img width=\"733\" height=\"445\" src=\"https:\/\/i2.wp.com\/bilkentpost.bilkent.edu.tr\/wp-content\/uploads\/2017\/03\/hal8.jpg?resize=733%2C445\" class=\"attachment-colormag-featured-image size-colormag-featured-image\" alt=\"\" loading=\"lazy\" data-attachment-id=\"683\" data-permalink=\"http:\/\/bilkentpost.bilkent.edu.tr\/index.php\/2017\/03\/21\/hal-boyle-olunca\/hal8\/\" data-orig-file=\"https:\/\/i2.wp.com\/bilkentpost.bilkent.edu.tr\/wp-content\/uploads\/2017\/03\/hal8.jpg?fit=733%2C1100\" data-orig-size=\"733,1100\" data-comments-opened=\"0\" data-image-meta=\"{&quot;aperture&quot;:&quot;0&quot;,&quot;credit&quot;:&quot;&quot;,&quot;camera&quot;:&quot;&quot;,&quot;caption&quot;:&quot;&quot;,&quot;created_timestamp&quot;:&quot;0&quot;,&quot;copyright&quot;:&quot;&quot;,&quot;focal_length&quot;:&quot;0&quot;,&quot;iso&quot;:&quot;0&quot;,&quot;shutter_speed&quot;:&quot;0&quot;,&quot;title&quot;:&quot;&quot;,&quot;orientation&quot;:&quot;0&quot;}\" data-image-title=\"\" data-image-description=\"&lt;p&gt;Tam \u0131s\u0131n\u0131yor muhabbet etmeye ba\u015fl\u0131yorum ki patronu i\u015f \u00e7\u0131kart\u0131yor ba\u015f\u0131na&#8230;&lt;\/p&gt;\n\" data-medium-file=\"https:\/\/i2.wp.com\/bilkentpost.bilkent.edu.tr\/wp-content\/uploads\/2017\/03\/hal8.jpg?fit=200%2C300\" data-large-file=\"https:\/\/i2.wp.com\/bilkentpost.bilkent.edu.tr\/wp-content\/uploads\/2017\/03\/hal8.jpg?fit=682%2C1024\" \/><\/a>\n\t\t\t<\/div><\/figure><figure class='gallery-item'>\n\t\t\t<div class='gallery-icon landscape'>\n\t\t\t\t<a href='http:\/\/bilkentpost.bilkent.edu.tr\/index.php\/2017\/03\/21\/hal-boyle-olunca\/hal9\/'><img width=\"800\" height=\"445\" src=\"https:\/\/i1.wp.com\/bilkentpost.bilkent.edu.tr\/wp-content\/uploads\/2017\/03\/hal9.jpg?resize=800%2C445\" class=\"attachment-colormag-featured-image size-colormag-featured-image\" alt=\"\" loading=\"lazy\" data-attachment-id=\"684\" data-permalink=\"http:\/\/bilkentpost.bilkent.edu.tr\/index.php\/2017\/03\/21\/hal-boyle-olunca\/hal9\/\" data-orig-file=\"https:\/\/i1.wp.com\/bilkentpost.bilkent.edu.tr\/wp-content\/uploads\/2017\/03\/hal9.jpg?fit=1100%2C733\" data-orig-size=\"1100,733\" data-comments-opened=\"0\" data-image-meta=\"{&quot;aperture&quot;:&quot;0&quot;,&quot;credit&quot;:&quot;&quot;,&quot;camera&quot;:&quot;&quot;,&quot;caption&quot;:&quot;&quot;,&quot;created_timestamp&quot;:&quot;0&quot;,&quot;copyright&quot;:&quot;&quot;,&quot;focal_length&quot;:&quot;0&quot;,&quot;iso&quot;:&quot;0&quot;,&quot;shutter_speed&quot;:&quot;0&quot;,&quot;title&quot;:&quot;&quot;,&quot;orientation&quot;:&quot;0&quot;}\" data-image-title=\"\" data-image-description=\"&lt;p&gt;\u0130smail A\u011fabey Ulus Hali hakk\u0131nda konu\u015fuyor. &#8220;\u0130lgi azald\u0131 karde\u015f buraya. Ankara uza\u011fa do\u011fru uzad\u0131k\u00e7a buraya gelen insan da azald\u0131. Zaten y\u0131kacaklar diyorlar da kimsenin g\u00fcc\u00fc yetmez buray\u0131 y\u0131kmaya. Buras\u0131 \u00e7ar\u015f\u0131 de\u011fil sadece buras\u0131 tarih, aile, ekmek bizim i\u00e7in. Her h\u00fck\u00fcmet zaman\u0131nda ayn\u0131 \u015fey!&#8221;&lt;\/p&gt;\n\" data-medium-file=\"https:\/\/i1.wp.com\/bilkentpost.bilkent.edu.tr\/wp-content\/uploads\/2017\/03\/hal9.jpg?fit=300%2C200\" data-large-file=\"https:\/\/i1.wp.com\/bilkentpost.bilkent.edu.tr\/wp-content\/uploads\/2017\/03\/hal9.jpg?fit=800%2C533\" \/><\/a>\n\t\t\t<\/div><\/figure><figure class='gallery-item'>\n\t\t\t<div class='gallery-icon portrait'>\n\t\t\t\t<a href='http:\/\/bilkentpost.bilkent.edu.tr\/index.php\/2017\/03\/21\/hal-boyle-olunca\/hal10\/'><img width=\"733\" height=\"445\" src=\"https:\/\/i1.wp.com\/bilkentpost.bilkent.edu.tr\/wp-content\/uploads\/2017\/03\/hal10.jpg?resize=733%2C445\" class=\"attachment-colormag-featured-image size-colormag-featured-image\" alt=\"\" loading=\"lazy\" data-attachment-id=\"685\" data-permalink=\"http:\/\/bilkentpost.bilkent.edu.tr\/index.php\/2017\/03\/21\/hal-boyle-olunca\/hal10\/\" data-orig-file=\"https:\/\/i1.wp.com\/bilkentpost.bilkent.edu.tr\/wp-content\/uploads\/2017\/03\/hal10.jpg?fit=733%2C1100\" data-orig-size=\"733,1100\" data-comments-opened=\"0\" data-image-meta=\"{&quot;aperture&quot;:&quot;0&quot;,&quot;credit&quot;:&quot;&quot;,&quot;camera&quot;:&quot;&quot;,&quot;caption&quot;:&quot;&quot;,&quot;created_timestamp&quot;:&quot;0&quot;,&quot;copyright&quot;:&quot;&quot;,&quot;focal_length&quot;:&quot;0&quot;,&quot;iso&quot;:&quot;0&quot;,&quot;shutter_speed&quot;:&quot;0&quot;,&quot;title&quot;:&quot;&quot;,&quot;orientation&quot;:&quot;0&quot;}\" data-image-title=\"\" data-image-description=\"&lt;p&gt;Bir yandan anlat\u0131rken bir yandan i\u015fini aksatm\u0131yor a\u011fabeyim. &#8220;Karde\u015fim, yaz sen yaz bunlar\u0131 da okusun insanlar. Ekme\u011fimize g\u00f6z koydurmay\u0131z.&#8221;&lt;\/p&gt;\n\" data-medium-file=\"https:\/\/i1.wp.com\/bilkentpost.bilkent.edu.tr\/wp-content\/uploads\/2017\/03\/hal10.jpg?fit=200%2C300\" data-large-file=\"https:\/\/i1.wp.com\/bilkentpost.bilkent.edu.tr\/wp-content\/uploads\/2017\/03\/hal10.jpg?fit=682%2C1024\" \/><\/a>\n\t\t\t<\/div><\/figure><figure class='gallery-item'>\n\t\t\t<div class='gallery-icon landscape'>\n\t\t\t\t<a href='http:\/\/bilkentpost.bilkent.edu.tr\/index.php\/2017\/03\/21\/hal-boyle-olunca\/hal11\/'><img width=\"800\" height=\"445\" src=\"https:\/\/i0.wp.com\/bilkentpost.bilkent.edu.tr\/wp-content\/uploads\/2017\/03\/hal11.jpg?resize=800%2C445\" class=\"attachment-colormag-featured-image size-colormag-featured-image\" alt=\"\" loading=\"lazy\" data-attachment-id=\"686\" data-permalink=\"http:\/\/bilkentpost.bilkent.edu.tr\/index.php\/2017\/03\/21\/hal-boyle-olunca\/hal11\/\" data-orig-file=\"https:\/\/i0.wp.com\/bilkentpost.bilkent.edu.tr\/wp-content\/uploads\/2017\/03\/hal11.jpg?fit=1100%2C733\" data-orig-size=\"1100,733\" data-comments-opened=\"0\" data-image-meta=\"{&quot;aperture&quot;:&quot;0&quot;,&quot;credit&quot;:&quot;&quot;,&quot;camera&quot;:&quot;&quot;,&quot;caption&quot;:&quot;&quot;,&quot;created_timestamp&quot;:&quot;0&quot;,&quot;copyright&quot;:&quot;&quot;,&quot;focal_length&quot;:&quot;0&quot;,&quot;iso&quot;:&quot;0&quot;,&quot;shutter_speed&quot;:&quot;0&quot;,&quot;title&quot;:&quot;&quot;,&quot;orientation&quot;:&quot;0&quot;}\" data-image-title=\"\" data-image-description=\"&lt;p&gt;\u0130smail A\u011fabey&#8217;imin yan\u0131ndan ayr\u0131l\u0131rken zaman\u0131n bu muhabbetlerle \u00e7ok h\u0131zl\u0131 ge\u00e7ti\u011fini farkediyor ve halin gittik\u00e7e kalabal\u0131kla\u015ft\u0131\u011f\u0131n\u0131 g\u00f6r\u00fcyorum. Konu\u015fmaya \u00e7al\u0131\u015ft\u0131\u011f\u0131m esnaflar i\u015flerine mani olaca\u011f\u0131m\u0131 d\u00fc\u015f\u00fcn\u00fcp reddediyorlar kalabal\u0131k artt\u0131k\u00e7a. Ben de onlara &#8220;Bol kazan\u00e7lar!&#8221; diyor ve bu tarihi halden yolculu\u011fuma devam ediyorum.&lt;\/p&gt;\n\" data-medium-file=\"https:\/\/i0.wp.com\/bilkentpost.bilkent.edu.tr\/wp-content\/uploads\/2017\/03\/hal11.jpg?fit=300%2C200\" data-large-file=\"https:\/\/i0.wp.com\/bilkentpost.bilkent.edu.tr\/wp-content\/uploads\/2017\/03\/hal11.jpg?fit=800%2C533\" \/><\/a>\n\t\t\t<\/div><\/figure>\n\t\t<\/div>\n<br \/>\n&nbsp;<br \/>\n&nbsp;<\/p>\n","protected":false},"excerpt":{"rendered":"<p>O\u011fuzhan Ayberk Boztepe, 11\/16\/2015 Yolculu\u011fumda sonraki dura\u011f\u0131m me\u015fhur Ulus Hali. \u015eu anda akla\u015f\u0131k 60 kadar d\u00fckkan bulunan hal, 1929 Tahtakale<\/p>\n","protected":false},"author":3,"featured_media":674,"comment_status":"closed","ping_status":"closed","sticky":false,"template":"","format":"standard","meta":{"_mi_skip_tracking":false,"spay_email":"","jetpack_publicize_message":"","jetpack_is_tweetstorm":false},"categories":[],"tags":[35,133,9,381],"jetpack_featured_media_url":"https:\/\/i0.wp.com\/bilkentpost.bilkent.edu.tr\/wp-content\/uploads\/2017\/03\/halk-e1490084355409.jpg?fit=480%2C320","jetpack_publicize_connections":[],"jetpack_sharing_enabled":true,"jetpack_shortlink":"https:\/\/wp.me\/p9LQzm-aR","jetpack_likes_enabled":false,"_links":{"self":[{"href":"http:\/\/bilkentpost.bilkent.edu.tr\/index.php\/wp-json\/wp\/v2\/posts\/673"}],"collection":[{"href":"http:\/\/bilkentpost.bilkent.edu.tr\/index.php\/wp-json\/wp\/v2\/posts"}],"about":[{"href":"http:\/\/bilkentpost.bilkent.edu.tr\/index.php\/wp-json\/wp\/v2\/types\/post"}],"author":[{"embeddable":true,"href":"http:\/\/bilkentpost.bilkent.edu.tr\/index.php\/wp-json\/wp\/v2\/users\/3"}],"replies":[{"embeddable":true,"href":"http:\/\/bilkentpost.bilkent.edu.tr\/index.php\/wp-json\/wp\/v2\/comments?post=673"}],"version-history":[{"count":0,"href":"http:\/\/bilkentpost.bilkent.edu.tr\/index.php\/wp-json\/wp\/v2\/posts\/673\/revisions"}],"wp:featuredmedia":[{"embeddable":true,"href":"http:\/\/bilkentpost.bilkent.edu.tr\/index.php\/wp-json\/wp\/v2\/media\/674"}],"wp:attachment":[{"href":"http:\/\/bilkentpost.bilkent.edu.tr\/index.php\/wp-json\/wp\/v2\/media?parent=673"}],"wp:term":[{"taxonomy":"category","embeddable":true,"href":"http:\/\/bilkentpost.bilkent.edu.tr\/index.php\/wp-json\/wp\/v2\/categories?post=673"},{"taxonomy":"post_tag","embeddable":true,"href":"http:\/\/bilkentpost.bilkent.edu.tr\/index.php\/wp-json\/wp\/v2\/tags?post=673"}],"curies":[{"name":"wp","href":"https:\/\/api.w.org\/{rel}","templated":true}]}}